{"id":1475,"date":"2019-05-08T09:47:42","date_gmt":"2019-05-08T09:47:42","guid":{"rendered":"http:\/\/www.ppcp.cz\/sberatel-jarni-veletrh-sberatelstvi-v-praze-za-ucasti-zastupcu-ppcp\/"},"modified":"2021-07-27T10:25:11","modified_gmt":"2021-07-27T10:25:11","slug":"sberatel-jarni-veletrh-sberatelstvi-v-praze-za-ucasti-zastupcu-ppcp","status":"publish","type":"post","link":"https:\/\/ppcp.cz\/en\/sberatel-jarni-veletrh-sberatelstvi-v-praze-za-ucasti-zastupcu-ppcp\/","title":{"rendered":"Sb\u011bratel (collector) &#8211; Spring collector&#8217;s trade fair in Prague with members of PPCP in attendance"},"content":{"rendered":"\n<figure class=\"wp-block-image\"><img loading=\"lazy\" decoding=\"async\" width=\"340\" height=\"510\" src=\"http:\/\/ppcp.cz\/wp-content\/uploads\/2019\/05\/Tomas-LR.jpg\" alt=\"\" class=\"wp-image-1455\" srcset=\"https:\/\/ppcp.cz\/wp-content\/uploads\/2019\/05\/Tomas-LR.jpg 340w, https:\/\/ppcp.cz\/wp-content\/uploads\/2019\/05\/Tomas-LR-200x300.jpg 200w, https:\/\/ppcp.cz\/wp-content\/uploads\/2019\/05\/Tomas-LR-120x180.jpg 120w\" sizes=\"auto, (max-width: 340px) 100vw, 340px\" \/><\/figure>\n\n\n<p><span style=\"color: #c4a947;\">Sb\u011bratel &#8211; Jarn\u00ed veletrh sb\u011bratelstv\u00ed v Praze za \u00fa\u010dasti z\u00e1stupc\u016f PPCP&nbsp;<span style=\"color: #ffffff;\">\/ 15. 3. a\u017e 16. 3. 2019<\/span><\/span><\/p>\n<p><span style=\"color: #ffffff;\"><b>Odkaz na web Sb\u011bratele:&nbsp;<span style=\"color: #c4a947;\"><a style=\"color: #c4a947;\" href=\"http:\/\/www.sberatel.info\/veletrh-jaro\/\">http:\/\/www.sberatel.info\/veletrh-jaro\/<\/a><\/span><\/b><\/span><\/p>","protected":false},"excerpt":{"rendered":"<p>Sb\u011bratel &#8211; Jarn\u00ed veletrh sb\u011bratelstv\u00ed v Praze za \u00fa\u010dasti z\u00e1stupc\u016f PPCP&nbsp;\/ 15. 3. a\u017e 16. 3. 2019 Odkaz na web Sb\u011bratele:&nbsp;http:\/\/www.sberatel.info\/veletrh-jaro\/<\/p>\n","protected":false},"author":2,"featured_media":4132,"comment_status":"closed","ping_status":"closed","sticky":false,"template":"","format":"standard","meta":{"footnotes":""},"categories":[2,40],"tags":[35],"class_list":["post-1475","post","type-post","status-publish","format-standard","has-post-thumbnail","hentry","category-ppcp-in-the-media","category-year-2019-en","tag-print"],"_links":{"self":[{"href":"https:\/\/ppcp.cz\/en\/wp-json\/wp\/v2\/posts\/1475","targetHints":{"allow":["GET"]}}],"collection":[{"href":"https:\/\/ppcp.cz\/en\/wp-json\/wp\/v2\/posts"}],"about":[{"href":"https:\/\/ppcp.cz\/en\/wp-json\/wp\/v2\/types\/post"}],"author":[{"embeddable":true,"href":"https:\/\/ppcp.cz\/en\/wp-json\/wp\/v2\/users\/2"}],"replies":[{"embeddable":true,"href":"https:\/\/ppcp.cz\/en\/wp-json\/wp\/v2\/comments?post=1475"}],"version-history":[{"count":4,"href":"https:\/\/ppcp.cz\/en\/wp-json\/wp\/v2\/posts\/1475\/revisions"}],"predecessor-version":[{"id":4989,"href":"https:\/\/ppcp.cz\/en\/wp-json\/wp\/v2\/posts\/1475\/revisions\/4989"}],"wp:featuredmedia":[{"embeddable":true,"href":"https:\/\/ppcp.cz\/en\/wp-json\/wp\/v2\/media\/4132"}],"wp:attachment":[{"href":"https:\/\/ppcp.cz\/en\/wp-json\/wp\/v2\/media?parent=1475"}],"wp:term":[{"taxonomy":"category","embeddable":true,"href":"https:\/\/ppcp.cz\/en\/wp-json\/wp\/v2\/categories?post=1475"},{"taxonomy":"post_tag","embeddable":true,"href":"https:\/\/ppcp.cz\/en\/wp-json\/wp\/v2\/tags?post=1475"}],"curies":[{"name":"wp","href":"https:\/\/api.w.org\/{rel}","templated":true}]}}