{"id":1976,"date":"2019-10-02T12:26:00","date_gmt":"2019-10-02T12:26:00","guid":{"rendered":"http:\/\/www.ppcp.cz\/novinky-seznam-a-akutalne\/"},"modified":"2021-04-07T12:57:23","modified_gmt":"2021-04-07T12:57:23","slug":"novinky-seznam-a-akutalne","status":"publish","type":"post","link":"https:\/\/ppcp.cz\/en\/novinky-seznam-a-akutalne\/","title":{"rendered":"The article on stamps and PPCP including a short video, speaks T. M\u00e1dl, M. N\u011bme\u010dek and D. Kop\u0159iva"},"content":{"rendered":"<div>&nbsp;<\/div>\n<div><a href=\"http:\/\/www.ppcp.cz\/wp-content\/uploads\/2019\/10\/1-1.jpg\"><img loading=\"lazy\" decoding=\"async\" class=\"alignnone size-medium wp-image-1966\" src=\"http:\/\/ppcp.cz\/wp-content\/uploads\/2019\/10\/1-1-300x169.jpg\" alt=\"\" width=\"300\" height=\"169\" srcset=\"https:\/\/ppcp.cz\/wp-content\/uploads\/2019\/10\/1-1-300x169.jpg 300w, https:\/\/ppcp.cz\/wp-content\/uploads\/2019\/10\/1-1-768x432.jpg 768w, https:\/\/ppcp.cz\/wp-content\/uploads\/2019\/10\/1-1-1024x576.jpg 1024w, https:\/\/ppcp.cz\/wp-content\/uploads\/2019\/10\/1-1-180x101.jpg 180w, https:\/\/ppcp.cz\/wp-content\/uploads\/2019\/10\/1-1.jpg 1920w\" sizes=\"auto, (max-width: 300px) 100vw, 300px\" \/><\/a><a href=\"http:\/\/www.ppcp.cz\/wp-content\/uploads\/2019\/10\/1-2.jpg\"><img loading=\"lazy\" decoding=\"async\" class=\"alignnone size-medium wp-image-1968\" src=\"http:\/\/ppcp.cz\/wp-content\/uploads\/2019\/10\/1-2-300x169.jpg\" alt=\"\" width=\"300\" height=\"169\" srcset=\"https:\/\/ppcp.cz\/wp-content\/uploads\/2019\/10\/1-2-300x169.jpg 300w, https:\/\/ppcp.cz\/wp-content\/uploads\/2019\/10\/1-2-768x432.jpg 768w, https:\/\/ppcp.cz\/wp-content\/uploads\/2019\/10\/1-2-1024x576.jpg 1024w, https:\/\/ppcp.cz\/wp-content\/uploads\/2019\/10\/1-2-180x101.jpg 180w, https:\/\/ppcp.cz\/wp-content\/uploads\/2019\/10\/1-2.jpg 1920w\" sizes=\"auto, (max-width: 300px) 100vw, 300px\" \/><\/a><\/div>\n<div><span style=\"color: #cfb16b;\">The article on stamps and PPCP including a short video, speaks T. M\u00e1dl, M. N\u011bme\u010dek and D. Kop\u0159iva<\/span><\/div>\n<div><span style=\"color: #ffffff;\"><a style=\"color: #ffffff;\" href=\"https:\/\/www.seznamzpravy.cz\/clanek\/ve-vile-po-ministrovi-se-schazi-skupinka-velmi-bohatych-cechu-vede-je-sem-spolecna-vasen-79535\" rel=\"noopener\">https:\/\/www.seznamzpravy.cz\/clanek\/ve-vile-po-ministrovi-se-schazi-skupinka-velmi-bohatych-cechu-vede-je-sem-spolecna-vasen-79535<\/a><\/span><\/div>\n<div>&nbsp;<\/div>\n<div>&nbsp;<\/div>\n<div>&nbsp;<\/div>\n\n\n<p><\/p>\n","protected":false},"excerpt":{"rendered":"<p>&nbsp; The article on stamps and PPCP including a short video, speaks T. M\u00e1dl, M. N\u011bme\u010dek and D. Kop\u0159iva https:\/\/www.seznamzpravy.cz\/clanek\/ve-vile-po-ministrovi-se-schazi-skupinka-velmi-bohatych-cechu-vede-je-sem-spolecna-vasen-79535 &nbsp; &nbsp; &nbsp;<\/p>\n","protected":false},"author":2,"featured_media":4138,"comment_status":"closed","ping_status":"closed","sticky":false,"template":"","format":"standard","meta":{"footnotes":""},"categories":[2,40],"tags":[36],"class_list":["post-1976","post","type-post","status-publish","format-standard","has-post-thumbnail","hentry","category-ppcp-in-the-media","category-year-2019-en","tag-tv-en"],"_links":{"self":[{"href":"https:\/\/ppcp.cz\/en\/wp-json\/wp\/v2\/posts\/1976","targetHints":{"allow":["GET"]}}],"collection":[{"href":"https:\/\/ppcp.cz\/en\/wp-json\/wp\/v2\/posts"}],"about":[{"href":"https:\/\/ppcp.cz\/en\/wp-json\/wp\/v2\/types\/post"}],"author":[{"embeddable":true,"href":"https:\/\/ppcp.cz\/en\/wp-json\/wp\/v2\/users\/2"}],"replies":[{"embeddable":true,"href":"https:\/\/ppcp.cz\/en\/wp-json\/wp\/v2\/comments?post=1976"}],"version-history":[{"count":4,"href":"https:\/\/ppcp.cz\/en\/wp-json\/wp\/v2\/posts\/1976\/revisions"}],"predecessor-version":[{"id":4390,"href":"https:\/\/ppcp.cz\/en\/wp-json\/wp\/v2\/posts\/1976\/revisions\/4390"}],"wp:featuredmedia":[{"embeddable":true,"href":"https:\/\/ppcp.cz\/en\/wp-json\/wp\/v2\/media\/4138"}],"wp:attachment":[{"href":"https:\/\/ppcp.cz\/en\/wp-json\/wp\/v2\/media?parent=1976"}],"wp:term":[{"taxonomy":"category","embeddable":true,"href":"https:\/\/ppcp.cz\/en\/wp-json\/wp\/v2\/categories?post=1976"},{"taxonomy":"post_tag","embeddable":true,"href":"https:\/\/ppcp.cz\/en\/wp-json\/wp\/v2\/tags?post=1976"}],"curies":[{"name":"wp","href":"https:\/\/api.w.org\/{rel}","templated":true}]}}