{"id":4237,"date":"2021-01-25T11:33:00","date_gmt":"2021-01-25T11:33:00","guid":{"rendered":"http:\/\/ppcp.cz.uvds32.active24.cz\/?p=4237"},"modified":"2021-07-27T10:50:28","modified_gmt":"2021-07-27T10:50:28","slug":"v-praze-zacala-filatelisticka-vystava-roku-cerveny-mauritius-vsak-lide-uvidi-mozna-jen-dva-dny","status":"publish","type":"post","link":"https:\/\/ppcp.cz\/en\/v-praze-zacala-filatelisticka-vystava-roku-cerveny-mauritius-vsak-lide-uvidi-mozna-jen-dva-dny\/","title":{"rendered":"Philatelic exhibition of the year has started in Prague. People might not be able to see the Red Mauritius for more than two days"},"content":{"rendered":"\n<figure class=\"wp-block-image\"><a href=\"https:\/\/www.novinky.cz\/koktejl\/clanek\/v-praze-zacala-filatelisticka-vystava-roku-cerveny-mauritius-vsak-lide-uvidi-mozna-jen-dva-dny-40345377\" target=\"_blank\" rel=\"noreferrer noopener\"><img loading=\"lazy\" decoding=\"async\" width=\"650\" height=\"480\" src=\"http:\/\/ppcp.cz\/wp-content\/uploads\/2021\/01\/8-novinky.cz_.jpg\" alt=\"\" class=\"wp-image-3472\" srcset=\"https:\/\/ppcp.cz\/wp-content\/uploads\/2021\/01\/8-novinky.cz_.jpg 650w, https:\/\/ppcp.cz\/wp-content\/uploads\/2021\/01\/8-novinky.cz_-300x222.jpg 300w, https:\/\/ppcp.cz\/wp-content\/uploads\/2021\/01\/8-novinky.cz_-180x133.jpg 180w\" sizes=\"auto, (max-width: 650px) 100vw, 650px\" \/><\/a><\/figure>\n\n\n\n<p class=\"has-text-color\" style=\"color:#c4a947\">V Praze za\u010dala filatelistick\u00e1 v\u00fdstava roku. \u010cerven\u00fd mauritius v\u0161ak lid\u00e9 uvid\u00ed mo\u017en\u00e1 jen dva dny<\/p>\n\n\n\n<p class=\"has-text-color\" style=\"color:#c4a947\"><em>zdroj Novinky.cz<\/em><\/p>\n","protected":false},"excerpt":{"rendered":"<p>V Praze za\u010dala filatelistick\u00e1 v\u00fdstava roku. \u010cerven\u00fd mauritius v\u0161ak lid\u00e9 uvid\u00ed mo\u017en\u00e1 jen dva dny zdroj Novinky.cz<\/p>\n","protected":false},"author":5,"featured_media":3932,"comment_status":"closed","ping_status":"closed","sticky":false,"template":"","format":"standard","meta":{"footnotes":""},"categories":[2,42],"tags":[37],"class_list":["post-4237","post","type-post","status-publish","format-standard","has-post-thumbnail","hentry","category-ppcp-in-the-media","category-year-2021-en","tag-web-en"],"_links":{"self":[{"href":"https:\/\/ppcp.cz\/en\/wp-json\/wp\/v2\/posts\/4237","targetHints":{"allow":["GET"]}}],"collection":[{"href":"https:\/\/ppcp.cz\/en\/wp-json\/wp\/v2\/posts"}],"about":[{"href":"https:\/\/ppcp.cz\/en\/wp-json\/wp\/v2\/types\/post"}],"author":[{"embeddable":true,"href":"https:\/\/ppcp.cz\/en\/wp-json\/wp\/v2\/users\/5"}],"replies":[{"embeddable":true,"href":"https:\/\/ppcp.cz\/en\/wp-json\/wp\/v2\/comments?post=4237"}],"version-history":[{"count":3,"href":"https:\/\/ppcp.cz\/en\/wp-json\/wp\/v2\/posts\/4237\/revisions"}],"predecessor-version":[{"id":5019,"href":"https:\/\/ppcp.cz\/en\/wp-json\/wp\/v2\/posts\/4237\/revisions\/5019"}],"wp:featuredmedia":[{"embeddable":true,"href":"https:\/\/ppcp.cz\/en\/wp-json\/wp\/v2\/media\/3932"}],"wp:attachment":[{"href":"https:\/\/ppcp.cz\/en\/wp-json\/wp\/v2\/media?parent=4237"}],"wp:term":[{"taxonomy":"category","embeddable":true,"href":"https:\/\/ppcp.cz\/en\/wp-json\/wp\/v2\/categories?post=4237"},{"taxonomy":"post_tag","embeddable":true,"href":"https:\/\/ppcp.cz\/en\/wp-json\/wp\/v2\/tags?post=4237"}],"curies":[{"name":"wp","href":"https:\/\/api.w.org\/{rel}","templated":true}]}}